{"id":2387,"date":"2018-07-01T17:21:00","date_gmt":"2018-07-01T15:21:00","guid":{"rendered":"https:\/\/www.angelaserra.com\/salerno\/?p=2387"},"modified":"2020-10-19T18:15:21","modified_gmt":"2020-10-19T16:15:21","slug":"inaugurazione-della-nuova-struttura-la-taverna-di-alisa","status":"publish","type":"post","link":"https:\/\/www.angelaserra.com\/salerno\/2018\/07\/01\/inaugurazione-della-nuova-struttura-la-taverna-di-alisa\/","title":{"rendered":"Inaugurazione della nuova struttura &#8220;La Taverna di AliSa&#8221;"},"content":{"rendered":"\n<p class=\"wp-block-paragraph\">La Taverna di Ali.Sa \u00e8 un luogo di incontro dove potenziare le conoscenze individuali volte a favorire le buone pratiche a tutela della salute, ed effettuare diagnosi precoce con controlli specialistici gratuiti e creare integrazione attraverso laboratori di cucina naturale<\/p>\n\n\n\n<p class=\"wp-block-paragraph\">L\u2019Associazione Angela Serra per la ricerca sul cancro di Salerno \u00e8 lieta di invitarvi a partecipare alla Conferenza Stampa che si terr\u00e0 Venerd\u00ec 6 luglio 2018, alle ore 9.30 presso il Palazzo della Provincia &#8211; Salone Bottiglieri &#8211; Via Roma, 104 Salerno, per presentare il progetto \u201cLa Taverna di AliSa&#8221;.<\/p>\n\n\n\n<p class=\"wp-block-paragraph\">Alle 16.30 ci sar\u00e0 l\u2019inaugurazione della nuova struttura, con taglio del nastro e benedizione c\/o la sede amministrativa della nostra Associazione, via Vincenzo Loria, 24 \u2013 Pastena (SA), al termine un piccolo buffet a cura del Giardino dei Golosi.<\/p>\n\n\n\n<div class=\"wp-block-image\"><figure class=\"aligncenter size-large is-resized\"><img fetchpriority=\"high\" decoding=\"async\" src=\"https:\/\/www.angelaserra.com\/salerno\/wp-content\/uploads\/sites\/4\/2020\/10\/43236049_10205100830997202_7995988001337376768_o.jpg\" alt=\"\" class=\"wp-image-2391\" width=\"360\" height=\"480\" srcset=\"https:\/\/www.angelaserra.com\/salerno\/wp-content\/uploads\/sites\/4\/2020\/10\/43236049_10205100830997202_7995988001337376768_o.jpg 720w, https:\/\/www.angelaserra.com\/salerno\/wp-content\/uploads\/sites\/4\/2020\/10\/43236049_10205100830997202_7995988001337376768_o-225x300.jpg 225w, https:\/\/www.angelaserra.com\/salerno\/wp-content\/uploads\/sites\/4\/2020\/10\/43236049_10205100830997202_7995988001337376768_o-450x600.jpg 450w, https:\/\/www.angelaserra.com\/salerno\/wp-content\/uploads\/sites\/4\/2020\/10\/43236049_10205100830997202_7995988001337376768_o-120x160.jpg 120w\" sizes=\"(max-width: 360px) 100vw, 360px\" \/><\/figure><\/div>\n","protected":false},"excerpt":{"rendered":"<p>La Taverna di Ali.Sa \u00e8 un luogo di incontro dove potenziare le conoscenze individuali volte a favorire le buone pratiche a tutela della salute, ed effettuare diagnosi precoce con controlli specialistici gratuiti e creare integrazione attraverso laboratori di cucina naturale L\u2019Associazione Angela Serra per la ricerca sul cancro di Salerno \u00e8 lieta di invitarvi a [&hellip;]<\/p>\n","protected":false},"author":1,"featured_media":2390,"comment_status":"open","ping_status":"open","sticky":false,"template":"","format":"standard","meta":{"_acf_changed":false,"site-sidebar-layout":"default","site-content-layout":"default","ast-site-content-layout":"default","site-content-style":"default","site-sidebar-style":"default","ast-global-header-display":"","ast-banner-title-visibility":"","ast-main-header-display":"","ast-hfb-above-header-display":"","ast-hfb-below-header-display":"","ast-hfb-mobile-header-display":"","site-post-title":"","ast-breadcrumbs-content":"","ast-featured-img":"","footer-sml-layout":"","ast-disable-related-posts":"","theme-transparent-header-meta":"default","adv-header-id-meta":"","stick-header-meta":"","header-above-stick-meta":"","header-main-stick-meta":"","header-below-stick-meta":"","astra-migrate-meta-layouts":"default","ast-page-background-enabled":"default","ast-page-background-meta":{"desktop":{"background-color":"","background-image":"","background-repeat":"repeat","background-position":"center center","background-size":"auto","background-attachment":"scroll","background-type":"","background-media":"","overlay-type":"","overlay-color":"","overlay-opacity":"","overlay-gradient":""},"tablet":{"background-color":"","background-image":"","background-repeat":"repeat","background-position":"center center","background-size":"auto","background-attachment":"scroll","background-type":"","background-media":"","overlay-type":"","overlay-color":"","overlay-opacity":"","overlay-gradient":""},"mobile":{"background-color":"","background-image":"","background-repeat":"repeat","background-position":"center center","background-size":"auto","background-attachment":"scroll","background-type":"","background-media":"","overlay-type":"","overlay-color":"","overlay-opacity":"","overlay-gradient":""}},"ast-content-background-meta":{"desktop":{"background-color":"var(--ast-global-color-5)","background-image":"","background-repeat":"repeat","background-position":"center center","background-size":"auto","background-attachment":"scroll","background-type":"","background-media":"","overlay-type":"","overlay-color":"","overlay-opacity":"","overlay-gradient":""},"tablet":{"background-color":"var(--ast-global-color-5)","background-image":"","background-repeat":"repeat","background-position":"center center","background-size":"auto","background-attachment":"scroll","background-type":"","background-media":"","overlay-type":"","overlay-color":"","overlay-opacity":"","overlay-gradient":""},"mobile":{"background-color":"var(--ast-global-color-5)","background-image":"","background-repeat":"repeat","background-position":"center center","background-size":"auto","background-attachment":"scroll","background-type":"","background-media":"","overlay-type":"","overlay-color":"","overlay-opacity":"","overlay-gradient":""}},"footnotes":""},"categories":[18,8,9],"tags":[],"class_list":["post-2387","post","type-post","status-publish","format-standard","has-post-thumbnail","hentry","category-progetto-nutrizione","category-prevenzione","category-screening"],"acf":[],"_links":{"self":[{"href":"https:\/\/www.angelaserra.com\/salerno\/wp-json\/wp\/v2\/posts\/2387","targetHints":{"allow":["GET"]}}],"collection":[{"href":"https:\/\/www.angelaserra.com\/salerno\/wp-json\/wp\/v2\/posts"}],"about":[{"href":"https:\/\/www.angelaserra.com\/salerno\/wp-json\/wp\/v2\/types\/post"}],"author":[{"embeddable":true,"href":"https:\/\/www.angelaserra.com\/salerno\/wp-json\/wp\/v2\/users\/1"}],"replies":[{"embeddable":true,"href":"https:\/\/www.angelaserra.com\/salerno\/wp-json\/wp\/v2\/comments?post=2387"}],"version-history":[{"count":1,"href":"https:\/\/www.angelaserra.com\/salerno\/wp-json\/wp\/v2\/posts\/2387\/revisions"}],"predecessor-version":[{"id":2392,"href":"https:\/\/www.angelaserra.com\/salerno\/wp-json\/wp\/v2\/posts\/2387\/revisions\/2392"}],"wp:featuredmedia":[{"embeddable":true,"href":"https:\/\/www.angelaserra.com\/salerno\/wp-json\/wp\/v2\/media\/2390"}],"wp:attachment":[{"href":"https:\/\/www.angelaserra.com\/salerno\/wp-json\/wp\/v2\/media?parent=2387"}],"wp:term":[{"taxonomy":"category","embeddable":true,"href":"https:\/\/www.angelaserra.com\/salerno\/wp-json\/wp\/v2\/categories?post=2387"},{"taxonomy":"post_tag","embeddable":true,"href":"https:\/\/www.angelaserra.com\/salerno\/wp-json\/wp\/v2\/tags?post=2387"}],"curies":[{"name":"wp","href":"https:\/\/api.w.org\/{rel}","templated":true}]}}