{"id":2858,"date":"2025-07-04T15:54:00","date_gmt":"2025-07-04T13:54:00","guid":{"rendered":"https:\/\/www.angelaserra.com\/salerno\/?p=2858"},"modified":"2026-07-31T15:30:53","modified_gmt":"2026-07-31T13:30:53","slug":"inaugurazione-leggere-nei-luoghi-di-cura","status":"publish","type":"post","link":"https:\/\/www.angelaserra.com\/salerno\/2025\/07\/04\/inaugurazione-leggere-nei-luoghi-di-cura\/","title":{"rendered":"Inaugurazione: &#8220;Leggere nei luoghi di cura&#8221;"},"content":{"rendered":"\n<p class=\"wp-block-paragraph\">Marted\u00ec 8 luglio alle ore 18 vi aspettiamo presso la Radiologia Senologica dell&#8217;ospedale San Giovanni di Dio e Ruggi d&#8217;Aragona di Salerno per l&#8217;inaugurazione di Leggere nei luoghi di cura, nuovo progetto della nostra Associazione. <\/p>\n\n\n\n<p class=\"wp-block-paragraph\">Qui, dal mese di febbraio, le nostre volontarie in sinergia con i medici e tutto il personale dedicato accolgono le pazienti in attesa degli esami. E marted\u00ec 8 luglio, Vania de Angelis legger\u00e0 un passo del libro Sichelgaita di Rosa Tiziana Bruno. Sichelgaita, la nostra mitica principessa, \u00e8 un esempio di forza e coraggio che siamo certi sapr\u00e0 ispirare le donne e gli uomini che affrontano gli esami e le cure contro il cancro. <\/p>\n\n\n\n<p class=\"wp-block-paragraph\">Da qualche giorno, nella sala d&#8217;accoglienza della Radiologia Senologica c&#8217;\u00e8 una piccola libreria. I pazienti che passano da qui possono fermarsi a sfogliare un libro e leggere qualche pagina, per eventualmente proseguire a casa. Mentre ci si occupa del corpo, \u00e8 fondamentale prendersi cura anche della mente, nutrendola con pensieri e incontri nuovi. <\/p>\n\n\n\n<p class=\"wp-block-paragraph\">Vi aspettiamo l&#8217;8 luglio!.<\/p>\n","protected":false},"excerpt":{"rendered":"<p>Marted\u00ec 8 luglio alle ore 18 vi aspettiamo presso la Radiologia Senologica dell&#8217;ospedale San Giovanni di Dio e Ruggi d&#8217;Aragona di Salerno per l&#8217;inaugurazione di Leggere nei luoghi di cura, nuovo progetto della nostra Associazione. Qui, dal mese di febbraio, le nostre volontarie in sinergia con i medici e tutto il personale dedicato accolgono le [&hellip;]<\/p>\n","protected":false},"author":6,"featured_media":2859,"comment_status":"open","ping_status":"open","sticky":false,"template":"","format":"standard","meta":{"_acf_changed":false,"site-sidebar-layout":"default","site-content-layout":"","ast-site-content-layout":"default","site-content-style":"default","site-sidebar-style":"default","ast-global-header-display":"","ast-banner-title-visibility":"","ast-main-header-display":"","ast-hfb-above-header-display":"","ast-hfb-below-header-display":"","ast-hfb-mobile-header-display":"","site-post-title":"","ast-breadcrumbs-content":"","ast-featured-img":"","footer-sml-layout":"","ast-disable-related-posts":"","theme-transparent-header-meta":"","adv-header-id-meta":"","stick-header-meta":"","header-above-stick-meta":"","header-main-stick-meta":"","header-below-stick-meta":"","astra-migrate-meta-layouts":"set","ast-page-background-enabled":"default","ast-page-background-meta":{"desktop":{"background-color":"","background-image":"","background-repeat":"repeat","background-position":"center center","background-size":"auto","background-attachment":"scroll","background-type":"","background-media":"","overlay-type":"","overlay-color":"","overlay-opacity":"","overlay-gradient":""},"tablet":{"background-color":"","background-image":"","background-repeat":"repeat","background-position":"center center","background-size":"auto","background-attachment":"scroll","background-type":"","background-media":"","overlay-type":"","overlay-color":"","overlay-opacity":"","overlay-gradient":""},"mobile":{"background-color":"","background-image":"","background-repeat":"repeat","background-position":"center center","background-size":"auto","background-attachment":"scroll","background-type":"","background-media":"","overlay-type":"","overlay-color":"","overlay-opacity":"","overlay-gradient":""}},"ast-content-background-meta":{"desktop":{"background-color":"var(--ast-global-color-5)","background-image":"","background-repeat":"repeat","background-position":"center center","background-size":"auto","background-attachment":"scroll","background-type":"","background-media":"","overlay-type":"","overlay-color":"","overlay-opacity":"","overlay-gradient":""},"tablet":{"background-color":"var(--ast-global-color-5)","background-image":"","background-repeat":"repeat","background-position":"center center","background-size":"auto","background-attachment":"scroll","background-type":"","background-media":"","overlay-type":"","overlay-color":"","overlay-opacity":"","overlay-gradient":""},"mobile":{"background-color":"var(--ast-global-color-5)","background-image":"","background-repeat":"repeat","background-position":"center center","background-size":"auto","background-attachment":"scroll","background-type":"","background-media":"","overlay-type":"","overlay-color":"","overlay-opacity":"","overlay-gradient":""}},"footnotes":""},"categories":[23,11],"tags":[],"class_list":["post-2858","post","type-post","status-publish","format-standard","has-post-thumbnail","hentry","category-eventi-2","category-news"],"acf":[],"_links":{"self":[{"href":"https:\/\/www.angelaserra.com\/salerno\/wp-json\/wp\/v2\/posts\/2858","targetHints":{"allow":["GET"]}}],"collection":[{"href":"https:\/\/www.angelaserra.com\/salerno\/wp-json\/wp\/v2\/posts"}],"about":[{"href":"https:\/\/www.angelaserra.com\/salerno\/wp-json\/wp\/v2\/types\/post"}],"author":[{"embeddable":true,"href":"https:\/\/www.angelaserra.com\/salerno\/wp-json\/wp\/v2\/users\/6"}],"replies":[{"embeddable":true,"href":"https:\/\/www.angelaserra.com\/salerno\/wp-json\/wp\/v2\/comments?post=2858"}],"version-history":[{"count":2,"href":"https:\/\/www.angelaserra.com\/salerno\/wp-json\/wp\/v2\/posts\/2858\/revisions"}],"predecessor-version":[{"id":2919,"href":"https:\/\/www.angelaserra.com\/salerno\/wp-json\/wp\/v2\/posts\/2858\/revisions\/2919"}],"wp:featuredmedia":[{"embeddable":true,"href":"https:\/\/www.angelaserra.com\/salerno\/wp-json\/wp\/v2\/media\/2859"}],"wp:attachment":[{"href":"https:\/\/www.angelaserra.com\/salerno\/wp-json\/wp\/v2\/media?parent=2858"}],"wp:term":[{"taxonomy":"category","embeddable":true,"href":"https:\/\/www.angelaserra.com\/salerno\/wp-json\/wp\/v2\/categories?post=2858"},{"taxonomy":"post_tag","embeddable":true,"href":"https:\/\/www.angelaserra.com\/salerno\/wp-json\/wp\/v2\/tags?post=2858"}],"curies":[{"name":"wp","href":"https:\/\/api.w.org\/{rel}","templated":true}]}}