{"id":2865,"date":"2025-07-21T16:01:00","date_gmt":"2025-07-21T14:01:00","guid":{"rendered":"https:\/\/www.angelaserra.com\/salerno\/?p=2865"},"modified":"2026-07-31T15:26:46","modified_gmt":"2026-07-31T13:26:46","slug":"al-chiaro-di-luna-fra-musica-e-sapori-riunite-le-sedi-dellangela-serra","status":"publish","type":"post","link":"https:\/\/www.angelaserra.com\/salerno\/2025\/07\/21\/al-chiaro-di-luna-fra-musica-e-sapori-riunite-le-sedi-dellangela-serra\/","title":{"rendered":"&#8220;Al chiaro di luna fra musica e sapori&#8221;: riunite le sedi dell&#8217;Angela Serra"},"content":{"rendered":"\n<p class=\"wp-block-paragraph\">Al chiaro di luna tra musica e sapori, la serata di Mancaversa che il 19 luglio ha riunito le sezioni dell&#8217;Angela Serra, \u00e8 stata una bella esperienza di degustazione e condivisione. <\/p>\n\n\n\n<p class=\"wp-block-paragraph\">\u00c8 stato bello assaggiare lo gnocco fritto di Modena, la pasta e bruschette con la &#8216;nduja delle sedi della Calabria, il fritto misto e le pittule salentine delle sedi pugliesi e ovviamente portare in trasferta il nostro scarpariello. <\/p>\n\n\n\n<p class=\"wp-block-paragraph\">Soprattutto, \u00e8 stato bello ritrovarsi e raccontare le attivit\u00e0 delle varie sedi, compresa quella di Caserta-Benevento, illustrate dal nostro Arturo Iannelli per l&#8217;impossibilit\u00e0 a partecipare della responsabile Diana Fidanza. Al chiaro di luna, ma anche al ritmo di musica, la serata ha richiamato tante persone e suscitato grande interesse, contribuendo cos\u00ec a sostenere il progetto \u201cAdotta un ricercatore\u201d, per una borsa di studio dedicata al settore oncologico. <\/p>\n\n\n\n<p class=\"wp-block-paragraph\">Nessuno lo sa meglio di noi, insieme si pu\u00f2.<\/p>\n","protected":false},"excerpt":{"rendered":"<p>Al chiaro di luna tra musica e sapori, la serata di Mancaversa che il 19 luglio ha riunito le sezioni dell&#8217;Angela Serra, \u00e8 stata una bella esperienza di degustazione e condivisione. \u00c8 stato bello assaggiare lo gnocco fritto di Modena, la pasta e bruschette con la &#8216;nduja delle sedi della Calabria, il fritto misto e [&hellip;]<\/p>\n","protected":false},"author":6,"featured_media":2866,"comment_status":"open","ping_status":"open","sticky":false,"template":"","format":"standard","meta":{"_acf_changed":false,"site-sidebar-layout":"default","site-content-layout":"","ast-site-content-layout":"default","site-content-style":"default","site-sidebar-style":"default","ast-global-header-display":"","ast-banner-title-visibility":"","ast-main-header-display":"","ast-hfb-above-header-display":"","ast-hfb-below-header-display":"","ast-hfb-mobile-header-display":"","site-post-title":"","ast-breadcrumbs-content":"","ast-featured-img":"","footer-sml-layout":"","ast-disable-related-posts":"","theme-transparent-header-meta":"","adv-header-id-meta":"","stick-header-meta":"","header-above-stick-meta":"","header-main-stick-meta":"","header-below-stick-meta":"","astra-migrate-meta-layouts":"set","ast-page-background-enabled":"default","ast-page-background-meta":{"desktop":{"background-color":"","background-image":"","background-repeat":"repeat","background-position":"center center","background-size":"auto","background-attachment":"scroll","background-type":"","background-media":"","overlay-type":"","overlay-color":"","overlay-opacity":"","overlay-gradient":""},"tablet":{"background-color":"","background-image":"","background-repeat":"repeat","background-position":"center center","background-size":"auto","background-attachment":"scroll","background-type":"","background-media":"","overlay-type":"","overlay-color":"","overlay-opacity":"","overlay-gradient":""},"mobile":{"background-color":"","background-image":"","background-repeat":"repeat","background-position":"center center","background-size":"auto","background-attachment":"scroll","background-type":"","background-media":"","overlay-type":"","overlay-color":"","overlay-opacity":"","overlay-gradient":""}},"ast-content-background-meta":{"desktop":{"background-color":"var(--ast-global-color-5)","background-image":"","background-repeat":"repeat","background-position":"center center","background-size":"auto","background-attachment":"scroll","background-type":"","background-media":"","overlay-type":"","overlay-color":"","overlay-opacity":"","overlay-gradient":""},"tablet":{"background-color":"var(--ast-global-color-5)","background-image":"","background-repeat":"repeat","background-position":"center center","background-size":"auto","background-attachment":"scroll","background-type":"","background-media":"","overlay-type":"","overlay-color":"","overlay-opacity":"","overlay-gradient":""},"mobile":{"background-color":"var(--ast-global-color-5)","background-image":"","background-repeat":"repeat","background-position":"center center","background-size":"auto","background-attachment":"scroll","background-type":"","background-media":"","overlay-type":"","overlay-color":"","overlay-opacity":"","overlay-gradient":""}},"footnotes":""},"categories":[10,11],"tags":[],"class_list":["post-2865","post","type-post","status-publish","format-standard","has-post-thumbnail","hentry","category-iniziative-sociali","category-news"],"acf":[],"_links":{"self":[{"href":"https:\/\/www.angelaserra.com\/salerno\/wp-json\/wp\/v2\/posts\/2865","targetHints":{"allow":["GET"]}}],"collection":[{"href":"https:\/\/www.angelaserra.com\/salerno\/wp-json\/wp\/v2\/posts"}],"about":[{"href":"https:\/\/www.angelaserra.com\/salerno\/wp-json\/wp\/v2\/types\/post"}],"author":[{"embeddable":true,"href":"https:\/\/www.angelaserra.com\/salerno\/wp-json\/wp\/v2\/users\/6"}],"replies":[{"embeddable":true,"href":"https:\/\/www.angelaserra.com\/salerno\/wp-json\/wp\/v2\/comments?post=2865"}],"version-history":[{"count":2,"href":"https:\/\/www.angelaserra.com\/salerno\/wp-json\/wp\/v2\/posts\/2865\/revisions"}],"predecessor-version":[{"id":2916,"href":"https:\/\/www.angelaserra.com\/salerno\/wp-json\/wp\/v2\/posts\/2865\/revisions\/2916"}],"wp:featuredmedia":[{"embeddable":true,"href":"https:\/\/www.angelaserra.com\/salerno\/wp-json\/wp\/v2\/media\/2866"}],"wp:attachment":[{"href":"https:\/\/www.angelaserra.com\/salerno\/wp-json\/wp\/v2\/media?parent=2865"}],"wp:term":[{"taxonomy":"category","embeddable":true,"href":"https:\/\/www.angelaserra.com\/salerno\/wp-json\/wp\/v2\/categories?post=2865"},{"taxonomy":"post_tag","embeddable":true,"href":"https:\/\/www.angelaserra.com\/salerno\/wp-json\/wp\/v2\/tags?post=2865"}],"curies":[{"name":"wp","href":"https:\/\/api.w.org\/{rel}","templated":true}]}}