{"id":2868,"date":"2025-09-05T16:05:00","date_gmt":"2025-09-05T14:05:00","guid":{"rendered":"https:\/\/www.angelaserra.com\/salerno\/?p=2868"},"modified":"2026-07-31T15:23:46","modified_gmt":"2026-07-31T13:23:46","slug":"19-e-20-settembre-full-immersion-nellalimentazione-buona-e-sana","status":"publish","type":"post","link":"https:\/\/www.angelaserra.com\/salerno\/2025\/09\/05\/19-e-20-settembre-full-immersion-nellalimentazione-buona-e-sana\/","title":{"rendered":"19 e 20 settembre: full immersion nell&#8217;alimentazione buona e sana"},"content":{"rendered":"\n<p class=\"wp-block-paragraph\">Il 19 e 20 settembre  vi aspettiamo presso la Taverna di Ali.Sa, nella sede della nostra associazione, per una full immersion nell&#8217;alimentazione buona e sana, importante pi\u00f9 che mai quando si affronta la malattia oncologica.<br><br>Sar\u00e0 con noi la dottoressa Patrizia Pasanisi, dirigente medico e ricercatrice in nutrizione, che ci porter\u00e0 alla scoperta del mondo dei cereali, suggerendo quali scegliere, come abbinarli e come cucinarli per esaltare il gusto e le propriet\u00e0 nutrizionali.<br><br>Il seminario inizier\u00e0 venerd\u00ec pomeriggio alle ore 17 con un primo incontro seguito da un aperitivo, durante il quale sar\u00e0 possibile fare domande e scambiarsi opinioni, esperienze e ricette. Al sabato mattina ci troveremo per un altro approfondimento e per gustare insieme un pranzo veloce, gustoso e salutare.<br>Gli incontri sono dedicati ai malati oncologici, soprattutto alle donne con tumore del seno, e ai loro familiari. I posti sono limitati: per iscriversi inviare una mail a\u00a0<a href=\"mailto:angelaserrasalerno@gmail.com\">angelaserrasalerno@gmail.com<\/a>.<br>Vi aspettiamo, per allacciare i grembiuli e imparare insieme a stare bene!<\/p>\n","protected":false},"excerpt":{"rendered":"<p>Il 19 e 20 settembre vi aspettiamo presso la Taverna di Ali.Sa, nella sede della nostra associazione, per una full immersion nell&#8217;alimentazione buona e sana, importante pi\u00f9 che mai quando si affronta la malattia oncologica. Sar\u00e0 con noi la dottoressa Patrizia Pasanisi, dirigente medico e ricercatrice in nutrizione, che ci porter\u00e0 alla scoperta del mondo [&hellip;]<\/p>\n","protected":false},"author":6,"featured_media":2869,"comment_status":"open","ping_status":"open","sticky":false,"template":"","format":"standard","meta":{"_acf_changed":false,"site-sidebar-layout":"default","site-content-layout":"","ast-site-content-layout":"default","site-content-style":"default","site-sidebar-style":"default","ast-global-header-display":"","ast-banner-title-visibility":"","ast-main-header-display":"","ast-hfb-above-header-display":"","ast-hfb-below-header-display":"","ast-hfb-mobile-header-display":"","site-post-title":"","ast-breadcrumbs-content":"","ast-featured-img":"","footer-sml-layout":"","ast-disable-related-posts":"","theme-transparent-header-meta":"","adv-header-id-meta":"","stick-header-meta":"","header-above-stick-meta":"","header-main-stick-meta":"","header-below-stick-meta":"","astra-migrate-meta-layouts":"set","ast-page-background-enabled":"default","ast-page-background-meta":{"desktop":{"background-color":"","background-image":"","background-repeat":"repeat","background-position":"center center","background-size":"auto","background-attachment":"scroll","background-type":"","background-media":"","overlay-type":"","overlay-color":"","overlay-opacity":"","overlay-gradient":""},"tablet":{"background-color":"","background-image":"","background-repeat":"repeat","background-position":"center center","background-size":"auto","background-attachment":"scroll","background-type":"","background-media":"","overlay-type":"","overlay-color":"","overlay-opacity":"","overlay-gradient":""},"mobile":{"background-color":"","background-image":"","background-repeat":"repeat","background-position":"center center","background-size":"auto","background-attachment":"scroll","background-type":"","background-media":"","overlay-type":"","overlay-color":"","overlay-opacity":"","overlay-gradient":""}},"ast-content-background-meta":{"desktop":{"background-color":"var(--ast-global-color-5)","background-image":"","background-repeat":"repeat","background-position":"center center","background-size":"auto","background-attachment":"scroll","background-type":"","background-media":"","overlay-type":"","overlay-color":"","overlay-opacity":"","overlay-gradient":""},"tablet":{"background-color":"var(--ast-global-color-5)","background-image":"","background-repeat":"repeat","background-position":"center center","background-size":"auto","background-attachment":"scroll","background-type":"","background-media":"","overlay-type":"","overlay-color":"","overlay-opacity":"","overlay-gradient":""},"mobile":{"background-color":"var(--ast-global-color-5)","background-image":"","background-repeat":"repeat","background-position":"center center","background-size":"auto","background-attachment":"scroll","background-type":"","background-media":"","overlay-type":"","overlay-color":"","overlay-opacity":"","overlay-gradient":""}},"footnotes":""},"categories":[11,18],"tags":[],"class_list":["post-2868","post","type-post","status-publish","format-standard","has-post-thumbnail","hentry","category-news","category-progetto-nutrizione"],"acf":[],"_links":{"self":[{"href":"https:\/\/www.angelaserra.com\/salerno\/wp-json\/wp\/v2\/posts\/2868","targetHints":{"allow":["GET"]}}],"collection":[{"href":"https:\/\/www.angelaserra.com\/salerno\/wp-json\/wp\/v2\/posts"}],"about":[{"href":"https:\/\/www.angelaserra.com\/salerno\/wp-json\/wp\/v2\/types\/post"}],"author":[{"embeddable":true,"href":"https:\/\/www.angelaserra.com\/salerno\/wp-json\/wp\/v2\/users\/6"}],"replies":[{"embeddable":true,"href":"https:\/\/www.angelaserra.com\/salerno\/wp-json\/wp\/v2\/comments?post=2868"}],"version-history":[{"count":2,"href":"https:\/\/www.angelaserra.com\/salerno\/wp-json\/wp\/v2\/posts\/2868\/revisions"}],"predecessor-version":[{"id":2915,"href":"https:\/\/www.angelaserra.com\/salerno\/wp-json\/wp\/v2\/posts\/2868\/revisions\/2915"}],"wp:featuredmedia":[{"embeddable":true,"href":"https:\/\/www.angelaserra.com\/salerno\/wp-json\/wp\/v2\/media\/2869"}],"wp:attachment":[{"href":"https:\/\/www.angelaserra.com\/salerno\/wp-json\/wp\/v2\/media?parent=2868"}],"wp:term":[{"taxonomy":"category","embeddable":true,"href":"https:\/\/www.angelaserra.com\/salerno\/wp-json\/wp\/v2\/categories?post=2868"},{"taxonomy":"post_tag","embeddable":true,"href":"https:\/\/www.angelaserra.com\/salerno\/wp-json\/wp\/v2\/tags?post=2868"}],"curies":[{"name":"wp","href":"https:\/\/api.w.org\/{rel}","templated":true}]}}