{"id":2923,"date":"2026-02-15T15:42:00","date_gmt":"2026-02-15T14:42:00","guid":{"rendered":"https:\/\/www.angelaserra.com\/salerno\/?p=2923"},"modified":"2026-07-31T16:02:20","modified_gmt":"2026-07-31T14:02:20","slug":"lassociazione-angela-serra-si-apre-al-mondo-con-incontri-dedicati-alle-comunita","status":"publish","type":"post","link":"https:\/\/www.angelaserra.com\/salerno\/2026\/02\/15\/lassociazione-angela-serra-si-apre-al-mondo-con-incontri-dedicati-alle-comunita\/","title":{"rendered":"L&#8217;Associazione Angela Serra si apre al mondo con incontri dedicati alle comunit\u00e0 straniere"},"content":{"rendered":"\n<p class=\"wp-block-paragraph\">Benvenute, benvenuti! L&#8217;Associazione Angela Serra di Salerno si apre al mondo, con un nuovo progetto di incontri dedicati alle varie comunit\u00e0 presenti sul nostro territorio che nasce con la collaborazione di Antonio Bonifacio, direttore dell&#8217;Ufficio Migrantes Arcidiocesi Salerno Campagna Acerno. <\/p>\n\n\n\n<p class=\"wp-block-paragraph\">Il primo appuntamento, con un gruppo di signore originarie della Georgia, si \u00e8 gi\u00e0 svolto ed \u00e8 stato un grande successo!<br>Il 12 febbraio abbiamo infatti aperto le porte dell&#8217;Associazione alle componenti della comunit\u00e0 georgiana per un pomeriggio di visite senologiche con la dottoressa Maria Russo e il dottor Antonio Spadino e un seminario di formazione sulla prevenzione e le possibilit\u00e0 di diagnosi e cura.<br>Soprattutto, abbiamo incontrato, ascoltato, accolto: le parole che ogni giorno traducono in azioni i valori della nostra associazione.<\/p>\n\n\n\n<p class=\"wp-block-paragraph\"><br>Spesso le persone straniere non accedono ai programmi di screening e non hanno le informazioni necessarie per prendersi cura della propria salute. E l&#8217;impatto della malattia \u2013 soprattutto per chi vive solo e sostiene la famiglia lontana \u2013 pu\u00f2 essere pesantissimo. Il nuovo progetto punta pertanto a dare strumenti e sostegno alle fasce pi\u00f9 fragili della popolazione. Perch\u00e9 nessuno sia solo, come \u00e8 da sempre nel motto della nostra Associazione.<\/p>\n\n\n\n<p class=\"wp-block-paragraph\"><br>Tra le iniziative in fase di elaborazione, la possibilit\u00e0 di ospitare nella Taverna di Alisa momenti conviviali dedicati alle cucine tradizionali delle diverse comunit\u00e0, interpretate nel modo pi\u00f9 salutare.<\/p>\n\n\n\n<p class=\"wp-block-paragraph\">Continuate a seguirci per i prossimi appuntamenti!<\/p>\n","protected":false},"excerpt":{"rendered":"<p>Benvenute, benvenuti! L&#8217;Associazione Angela Serra di Salerno si apre al mondo, con un nuovo progetto di incontri dedicati alle varie comunit\u00e0 presenti sul nostro territorio che nasce con la collaborazione di Antonio Bonifacio, direttore dell&#8217;Ufficio Migrantes Arcidiocesi Salerno Campagna Acerno. Il primo appuntamento, con un gruppo di signore originarie della Georgia, si \u00e8 gi\u00e0 svolto [&hellip;]<\/p>\n","protected":false},"author":6,"featured_media":2924,"comment_status":"open","ping_status":"open","sticky":false,"template":"","format":"standard","meta":{"_acf_changed":false,"site-sidebar-layout":"default","site-content-layout":"","ast-site-content-layout":"default","site-content-style":"default","site-sidebar-style":"default","ast-global-header-display":"","ast-banner-title-visibility":"","ast-main-header-display":"","ast-hfb-above-header-display":"","ast-hfb-below-header-display":"","ast-hfb-mobile-header-display":"","site-post-title":"","ast-breadcrumbs-content":"","ast-featured-img":"","footer-sml-layout":"","ast-disable-related-posts":"","theme-transparent-header-meta":"","adv-header-id-meta":"","stick-header-meta":"","header-above-stick-meta":"","header-main-stick-meta":"","header-below-stick-meta":"","astra-migrate-meta-layouts":"set","ast-page-background-enabled":"default","ast-page-background-meta":{"desktop":{"background-color":"","background-image":"","background-repeat":"repeat","background-position":"center center","background-size":"auto","background-attachment":"scroll","background-type":"","background-media":"","overlay-type":"","overlay-color":"","overlay-opacity":"","overlay-gradient":""},"tablet":{"background-color":"","background-image":"","background-repeat":"repeat","background-position":"center center","background-size":"auto","background-attachment":"scroll","background-type":"","background-media":"","overlay-type":"","overlay-color":"","overlay-opacity":"","overlay-gradient":""},"mobile":{"background-color":"","background-image":"","background-repeat":"repeat","background-position":"center center","background-size":"auto","background-attachment":"scroll","background-type":"","background-media":"","overlay-type":"","overlay-color":"","overlay-opacity":"","overlay-gradient":""}},"ast-content-background-meta":{"desktop":{"background-color":"var(--ast-global-color-5)","background-image":"","background-repeat":"repeat","background-position":"center center","background-size":"auto","background-attachment":"scroll","background-type":"","background-media":"","overlay-type":"","overlay-color":"","overlay-opacity":"","overlay-gradient":""},"tablet":{"background-color":"var(--ast-global-color-5)","background-image":"","background-repeat":"repeat","background-position":"center center","background-size":"auto","background-attachment":"scroll","background-type":"","background-media":"","overlay-type":"","overlay-color":"","overlay-opacity":"","overlay-gradient":""},"mobile":{"background-color":"var(--ast-global-color-5)","background-image":"","background-repeat":"repeat","background-position":"center center","background-size":"auto","background-attachment":"scroll","background-type":"","background-media":"","overlay-type":"","overlay-color":"","overlay-opacity":"","overlay-gradient":""}},"footnotes":""},"categories":[10,11],"tags":[],"class_list":["post-2923","post","type-post","status-publish","format-standard","has-post-thumbnail","hentry","category-iniziative-sociali","category-news"],"acf":[],"_links":{"self":[{"href":"https:\/\/www.angelaserra.com\/salerno\/wp-json\/wp\/v2\/posts\/2923","targetHints":{"allow":["GET"]}}],"collection":[{"href":"https:\/\/www.angelaserra.com\/salerno\/wp-json\/wp\/v2\/posts"}],"about":[{"href":"https:\/\/www.angelaserra.com\/salerno\/wp-json\/wp\/v2\/types\/post"}],"author":[{"embeddable":true,"href":"https:\/\/www.angelaserra.com\/salerno\/wp-json\/wp\/v2\/users\/6"}],"replies":[{"embeddable":true,"href":"https:\/\/www.angelaserra.com\/salerno\/wp-json\/wp\/v2\/comments?post=2923"}],"version-history":[{"count":2,"href":"https:\/\/www.angelaserra.com\/salerno\/wp-json\/wp\/v2\/posts\/2923\/revisions"}],"predecessor-version":[{"id":2940,"href":"https:\/\/www.angelaserra.com\/salerno\/wp-json\/wp\/v2\/posts\/2923\/revisions\/2940"}],"wp:featuredmedia":[{"embeddable":true,"href":"https:\/\/www.angelaserra.com\/salerno\/wp-json\/wp\/v2\/media\/2924"}],"wp:attachment":[{"href":"https:\/\/www.angelaserra.com\/salerno\/wp-json\/wp\/v2\/media?parent=2923"}],"wp:term":[{"taxonomy":"category","embeddable":true,"href":"https:\/\/www.angelaserra.com\/salerno\/wp-json\/wp\/v2\/categories?post=2923"},{"taxonomy":"post_tag","embeddable":true,"href":"https:\/\/www.angelaserra.com\/salerno\/wp-json\/wp\/v2\/tags?post=2923"}],"curies":[{"name":"wp","href":"https:\/\/api.w.org\/{rel}","templated":true}]}}