{"id":2937,"date":"2026-04-14T15:58:00","date_gmt":"2026-04-14T13:58:00","guid":{"rendered":"https:\/\/www.angelaserra.com\/salerno\/?p=2937"},"modified":"2026-07-31T16:01:36","modified_gmt":"2026-07-31T14:01:36","slug":"secondo-incontro-con-le-comunita-straniere","status":"publish","type":"post","link":"https:\/\/www.angelaserra.com\/salerno\/2026\/04\/14\/secondo-incontro-con-le-comunita-straniere\/","title":{"rendered":"Secondo incontro con le comunit\u00e0 straniere"},"content":{"rendered":"\n<p class=\"wp-block-paragraph\">Domenica 12 aprile si \u00e8 svolto il secondo incontro dedicato alle comunit\u00e0 straniere organizzato dalla nostra Associazione insieme ad Antonio Bonifacio, Direttore dell&#8217; Ufficio Migrantes Arcidiocesi Salerno Campagna Acerno.<\/p>\n\n\n\n<p class=\"wp-block-paragraph\"><br>Dalle 9.30 alle 13, abbiamo accolto presso la nostra sede un gruppo di donne originarie dello Sri Lanka. Grazie alla disponibilit\u00e0 della dottoressa Carolina Fiorillo, oncologa, ognuna di loro \u00e8 stata sottoposta a una visita senologica. Grazie alle nostre volontarie, e sempre con l&#8217;aiuto di una mediatrice culturale, abbiamo inoltre fornito alle partecipanti maggiori strumenti per prendersi cura della propria salute, a iniziare dalla possibilit\u00e0 di accedere ai programmi di screening.<\/p>\n\n\n\n<p class=\"wp-block-paragraph\"><br>Incontrarsi e conoscersi \u00e8 stato inoltre l&#8217;occasione per vivere l&#8217;esperienza concreta dell&#8217;integrazione e fornire, anche qui, qualche opportunit\u00e0 in pi\u00f9, come la possibilit\u00e0 di entrare a far parte della squadra delle nostre volontarie.<\/p>\n\n\n\n<p class=\"wp-block-paragraph\"><br>Nelle ore insieme abbiamo parlato della vita e delle cucine locali \u2013 la nostra e quella dello Sri Lanka \u2013 del modo di preparare il riso, di come usare le spezie. E ci siamo ripromessi di proseguire il progetto rivolto alle comunit\u00e0 straniere con pranzi a tema nella nostra Taverna, per dare occasioni di socialit\u00e0 e momenti per s\u00e9 a chi lavora sul nostro territorio e viene da lontanissimo.<\/p>\n\n\n\n<p class=\"wp-block-paragraph\"><br>Continuate a seguirci per conoscere i prossimi appuntamenti e le prossime iniziative.<br>&#8220;Perch\u00e9 nessuno sia solo\u201d, liberamente ispirato dal motto \u2013 e dal sogno \u2013 del nostro presidente Arturo Iannelli.<\/p>\n","protected":false},"excerpt":{"rendered":"<p>Domenica 12 aprile si \u00e8 svolto il secondo incontro dedicato alle comunit\u00e0 straniere organizzato dalla nostra Associazione insieme ad Antonio Bonifacio, Direttore dell&#8217; Ufficio Migrantes Arcidiocesi Salerno Campagna Acerno. Dalle 9.30 alle 13, abbiamo accolto presso la nostra sede un gruppo di donne originarie dello Sri Lanka. Grazie alla disponibilit\u00e0 della dottoressa Carolina Fiorillo, oncologa, [&hellip;]<\/p>\n","protected":false},"author":6,"featured_media":2938,"comment_status":"open","ping_status":"open","sticky":false,"template":"","format":"standard","meta":{"_acf_changed":false,"site-sidebar-layout":"default","site-content-layout":"","ast-site-content-layout":"default","site-content-style":"default","site-sidebar-style":"default","ast-global-header-display":"","ast-banner-title-visibility":"","ast-main-header-display":"","ast-hfb-above-header-display":"","ast-hfb-below-header-display":"","ast-hfb-mobile-header-display":"","site-post-title":"","ast-breadcrumbs-content":"","ast-featured-img":"","footer-sml-layout":"","ast-disable-related-posts":"","theme-transparent-header-meta":"","adv-header-id-meta":"","stick-header-meta":"","header-above-stick-meta":"","header-main-stick-meta":"","header-below-stick-meta":"","astra-migrate-meta-layouts":"set","ast-page-background-enabled":"default","ast-page-background-meta":{"desktop":{"background-color":"","background-image":"","background-repeat":"repeat","background-position":"center center","background-size":"auto","background-attachment":"scroll","background-type":"","background-media":"","overlay-type":"","overlay-color":"","overlay-opacity":"","overlay-gradient":""},"tablet":{"background-color":"","background-image":"","background-repeat":"repeat","background-position":"center center","background-size":"auto","background-attachment":"scroll","background-type":"","background-media":"","overlay-type":"","overlay-color":"","overlay-opacity":"","overlay-gradient":""},"mobile":{"background-color":"","background-image":"","background-repeat":"repeat","background-position":"center center","background-size":"auto","background-attachment":"scroll","background-type":"","background-media":"","overlay-type":"","overlay-color":"","overlay-opacity":"","overlay-gradient":""}},"ast-content-background-meta":{"desktop":{"background-color":"var(--ast-global-color-5)","background-image":"","background-repeat":"repeat","background-position":"center center","background-size":"auto","background-attachment":"scroll","background-type":"","background-media":"","overlay-type":"","overlay-color":"","overlay-opacity":"","overlay-gradient":""},"tablet":{"background-color":"var(--ast-global-color-5)","background-image":"","background-repeat":"repeat","background-position":"center center","background-size":"auto","background-attachment":"scroll","background-type":"","background-media":"","overlay-type":"","overlay-color":"","overlay-opacity":"","overlay-gradient":""},"mobile":{"background-color":"var(--ast-global-color-5)","background-image":"","background-repeat":"repeat","background-position":"center center","background-size":"auto","background-attachment":"scroll","background-type":"","background-media":"","overlay-type":"","overlay-color":"","overlay-opacity":"","overlay-gradient":""}},"footnotes":""},"categories":[13,11],"tags":[],"class_list":["post-2937","post","type-post","status-publish","format-standard","has-post-thumbnail","hentry","category-dalla-cura-al-prendersi-cura","category-news"],"acf":[],"_links":{"self":[{"href":"https:\/\/www.angelaserra.com\/salerno\/wp-json\/wp\/v2\/posts\/2937","targetHints":{"allow":["GET"]}}],"collection":[{"href":"https:\/\/www.angelaserra.com\/salerno\/wp-json\/wp\/v2\/posts"}],"about":[{"href":"https:\/\/www.angelaserra.com\/salerno\/wp-json\/wp\/v2\/types\/post"}],"author":[{"embeddable":true,"href":"https:\/\/www.angelaserra.com\/salerno\/wp-json\/wp\/v2\/users\/6"}],"replies":[{"embeddable":true,"href":"https:\/\/www.angelaserra.com\/salerno\/wp-json\/wp\/v2\/comments?post=2937"}],"version-history":[{"count":1,"href":"https:\/\/www.angelaserra.com\/salerno\/wp-json\/wp\/v2\/posts\/2937\/revisions"}],"predecessor-version":[{"id":2939,"href":"https:\/\/www.angelaserra.com\/salerno\/wp-json\/wp\/v2\/posts\/2937\/revisions\/2939"}],"wp:featuredmedia":[{"embeddable":true,"href":"https:\/\/www.angelaserra.com\/salerno\/wp-json\/wp\/v2\/media\/2938"}],"wp:attachment":[{"href":"https:\/\/www.angelaserra.com\/salerno\/wp-json\/wp\/v2\/media?parent=2937"}],"wp:term":[{"taxonomy":"category","embeddable":true,"href":"https:\/\/www.angelaserra.com\/salerno\/wp-json\/wp\/v2\/categories?post=2937"},{"taxonomy":"post_tag","embeddable":true,"href":"https:\/\/www.angelaserra.com\/salerno\/wp-json\/wp\/v2\/tags?post=2937"}],"curies":[{"name":"wp","href":"https:\/\/api.w.org\/{rel}","templated":true}]}}